{"id":92,"date":"2011-04-29T14:00:06","date_gmt":"2011-04-29T14:00:06","guid":{"rendered":"http:\/\/adoration-spgc.info\/?p=92"},"modified":"2013-03-21T20:28:45","modified_gmt":"2013-03-21T20:28:45","slug":"vivre-ladoration-en-ce-temps-de-paques-et-apres","status":"publish","type":"post","link":"http:\/\/adoration-spgc.info\/?p=92","title":{"rendered":"Vivre l\u2019Adoration en ce temps de P\u00e2ques\u2026 et apr\u00e8s !"},"content":{"rendered":"<p><strong>L\u2019Adoration eucharistique commence lundi 2 mai \u00e0 9h00.<\/strong><\/p>\n<p><strong>La veille, ce dimanche m\u00eame, le Pape Jean-Paul II est b\u00e9atifi\u00e9. C\u2019est le dimanche de la Mis\u00e9ricorde, jour de l\u2019apparition de J\u00e9sus ressuscit\u00e9 \u00e0 l\u2019ap\u00f4tre Thomas. L\u2019\u00e9vangile de Jean garde la m\u00e9moire du geste de J\u00e9sus offrant \u00e0 Thomas de plonger sa main dans la plaie de son c\u00f4t\u00e9 et de contempler le C\u0153ur qui a port\u00e9 le p\u00e9ch\u00e9 du monde et d\u00e9borde de mis\u00e9ricorde.<\/strong><\/p>\n<p>C\u2019est ce c\u0153ur eucharistique que nous contemplons \u00e0 notre tour.<\/p>\n<p>Nous entrons par gr\u00e2ce dans la vision de l\u2019ap\u00f4tre et nous nous exclamons avec lui\u00a0: \u00ab\u00a0Mon Seigneur et mon Dieu\u00a0!\u00a0\u00bb Comme lui, nous adorons le Verbe fait chair qui s\u2019est uni \u00e0 notre nature dans l\u2019Incarnation\u00a0; par J\u00e9sus, nous sommes \u00e9lev\u00e9s personnellement \u00e0 cette union par le Myst\u00e8re de l\u2019Eucharistie.<\/p>\n<p>Contemplons ce miracle divin\u00a0: que nous soyons personnellement admis \u00e0 ces noces mystiques dont a su admirablement parler le cardinal Pierre de B\u00e9rulle au XVII\u00e8me si\u00e8cle\u00a0: \u00ab\u00a0Au dernier jour de sa vie, il a voulu entrer en secondes et derni\u00e8res noces, et \u00e9pouser non pas notre nature, mais notre personne, et prendre alliance non \u00e0 notre maison et famille, mais avec nous-m\u00eames et se m\u00ealer dans notre propre chair et substance particuli\u00e8re\u2026\u00a0\u00bb<\/p>\n<p>Ce Myst\u00e8re d\u2019amour et de noces, comme l\u2019\u00e9crivait P\u00e9guy, nous prend au c\u0153ur, au fond de nous-m\u00eames, au tr\u00e9fonds, \u00ab\u00a0au ventre du c\u0153ur\u00a0\u00bb, l\u00e0 o\u00f9 il nous rejoint comme il a rejoint Thomas.<\/p>\n<p>La pers\u00e9v\u00e9rance que demande l\u2019Adoration de la part des paroissiens est \u00e0 la mesure de l\u2019illumination de la joie pascale\u00a0! Les chr\u00e9tiens prient aux dimensions de ce C\u0153ur qui a tant aim\u00e9 le monde. Et nous porterons ainsi le monde dans cette pri\u00e8re qui sera la plus fid\u00e8le possible, la plus humble, la plus intime et en m\u00eame temps la plus large possible&#8230;<\/p>\n<p>Que soient b\u00e9nis toutes celles et ceux qui se lancent dans cette aventure de l\u2019amour du Christ pour les hommes, ses fr\u00e8res\u00a0!<\/p>\n<p><em>P\u00e8re Richard Escudier<\/em><\/p>\n<p>dans le\u00a0<a href=\"http:\/\/stpierredugroscaillou.com\/IMG\/pdf\/Les_Cles_no858.pdf\" target=\"_blank\">bulletin \u00ab\u00a0Les Cl\u00e9s\u00a0\u00bb du 1er mai 2011<\/a><\/p>\n<p>&nbsp;<\/p>\n","protected":false},"excerpt":{"rendered":"<p>L\u2019Adoration eucharistique commence lundi 2 mai \u00e0 9h00. La veille, ce dimanche m\u00eame, le Pape Jean-Paul II est b\u00e9atifi\u00e9. C\u2019est [&hellip;]<\/p>\n","protected":false},"author":1,"featured_media":0,"comment_status":"closed","ping_status":"closed","sticky":false,"template":"","format":"standard","meta":[],"categories":[9],"tags":[],"_links":{"self":[{"href":"http:\/\/adoration-spgc.info\/index.php?rest_route=\/wp\/v2\/posts\/92"}],"collection":[{"href":"http:\/\/adoration-spgc.info\/index.php?rest_route=\/wp\/v2\/posts"}],"about":[{"href":"http:\/\/adoration-spgc.info\/index.php?rest_route=\/wp\/v2\/types\/post"}],"author":[{"embeddable":true,"href":"http:\/\/adoration-spgc.info\/index.php?rest_route=\/wp\/v2\/users\/1"}],"replies":[{"embeddable":true,"href":"http:\/\/adoration-spgc.info\/index.php?rest_route=%2Fwp%2Fv2%2Fcomments&post=92"}],"version-history":[{"count":5,"href":"http:\/\/adoration-spgc.info\/index.php?rest_route=\/wp\/v2\/posts\/92\/revisions"}],"predecessor-version":[{"id":332,"href":"http:\/\/adoration-spgc.info\/index.php?rest_route=\/wp\/v2\/posts\/92\/revisions\/332"}],"wp:attachment":[{"href":"http:\/\/adoration-spgc.info\/index.php?rest_route=%2Fwp%2Fv2%2Fmedia&parent=92"}],"wp:term":[{"taxonomy":"category","embeddable":true,"href":"http:\/\/adoration-spgc.info\/index.php?rest_route=%2Fwp%2Fv2%2Fcategories&post=92"},{"taxonomy":"post_tag","embeddable":true,"href":"http:\/\/adoration-spgc.info\/index.php?rest_route=%2Fwp%2Fv2%2Ftags&post=92"}],"curies":[{"name":"wp","href":"https:\/\/api.w.org\/{rel}","templated":true}]}}